{"id":26807,"date":"2021-09-01T00:20:29","date_gmt":"2021-08-31T22:20:29","guid":{"rendered":"https:\/\/pecs.hu\/kozlekedesi-informaciok\/"},"modified":"2022-11-29T15:25:19","modified_gmt":"2022-11-29T14:25:19","slug":"transport-informations","status":"publish","type":"post","link":"https:\/\/pecs.hu\/en\/transport-informations\/","title":{"rendered":"Transport informations"},"content":{"rendered":"<section id=\"large-icon-and-text-box-block_d65561f7149c092ce40436fba093d6e6\"class=\"block block-large-icon-and-text-box align\" >\n  \n  \n  <div class=\"post-meta post-meta__lg\">\n          \n        <span class=\"meta\" aria-label=\"Program tov\u00e1bbi kapcsolati inform\u00e1ci\u00f3k\"><em class=\"icon yco-acf-pecs-pecs_logo\"><\/em>BUSES<\/span>\n\n      <\/div>\n<\/section>\n\n\n<section id=\"small-icon-and-text-box-block_35141aed202e98015eb084f0c56e0d34\"class=\"block block-small-icon-and-text-box \" >\n  \n  <p>Public buses in P\u00e9cs are operated by T\u00fcke Busz Zrt.<\/p>\n<p>Call Centre<\/p>\n<p>(can be called 24\/7 for information on bus timetables)<\/p>\n<p>&nbsp;<\/p>\n\n  <div class=\"post-meta\">\n                                    <a href=https:\/\/www.google.com\/maps\/place\/P%C3%A9cs,+Di%C3%B3fa+u.+4,+7622\/@46.0670323,18.2317251,17z\/data=!3m1!4b1!4m5!3m4!1s0x4742b176d80a8173:0x79236b3c5305d1b7!8m2!3d46.0670323!4d18.2339138 class=\"meta\" target=&quot;_blank&quot; aria-label=\"K\u00fcls\u0151 hivatkoz\u00e1s linkje\">\n  <em class=\"icon yco-acf-pecs-pecs_logo\"><\/em>\n  Di\u00f3fa utca 4.\n<\/a>\n                      <a class=\"meta\" href=\"tel:&quot;+3672224654&quot;\" aria-label=\"Telefonsz\u00e1m\">\n  <em class=\"icon yco-acf-pecs-pecs_logo\"><\/em>\n  +36 72 224 654\n<\/a>\n      <\/div>\n<\/section>\n\n\n\n<section id=\"small-icon-and-text-box-block_88f319fe6769b96ccb557bd73757849e\"class=\"block block-small-icon-and-text-box \" >\n  \n  <p><strong>Front Office<\/strong><\/p>\n<p><strong>Opening Hours:<\/strong><\/p>\n<p>Monday\u2013Wednesday:\u00a0\u00a0 7.30 a.m. \u2013 4.30 p.m.<\/p>\n<p>Thursday:\u00a0\u00a0 7.30 a.m. \u2013 5.30 p.m.<\/p>\n<p>Friday:\u00a0\u00a0\u00a0\u00a0\u00a0 7.30 a.m. \u2013 12.30 p.m.<\/p>\n<p>Saturday: Closed<\/p>\n<p>Sunday: Closed<\/p>\n\n  <div class=\"post-meta\">\n                                    <a href=https:\/\/www.google.com\/maps\/place\/P%C3%A9cs,+R%C3%A1k%C3%B3czi+%C3%BAt+60,+7621\/@46.0734869,18.2295239,17z\/data=!3m1!4b1!4m5!3m4!1s0x4742b19fdb553b89:0xa22b080db414667f!8m2!3d46.0734832!4d18.2317126 class=\"meta\" target=&quot;_blank&quot; aria-label=\"K\u00fcls\u0151 hivatkoz\u00e1s linkje\">\n  <em class=\"icon yco-acf-pecs-pecs_logo\"><\/em>\n  7621 P\u00e9cs, R\u00e1k\u00f3czi u. 60.\n<\/a>\n                      <a class=\"meta\" href=\"tel:&quot;+3672510992&quot;\" aria-label=\"Telefonsz\u00e1m\">\n  <em class=\"icon yco-acf-pecs-pecs_logo\"><\/em>\n  +36 72 510 992\n<\/a>\n                      <a class=\"meta meta-email\" href=\"mailto:ugyfelszolgalat@tukebusz.hu\" aria-label=\"Email-c\u00edm\">\n  <em class=\"icon yco-acf-pecs-pecs_logo\"><\/em>\n  ugyfelszolgalat@tukebusz.hu\n<\/a>\n      <\/div>\n<\/section>\n\n\n\n<section id=\"only-text-block_1383464ac0476de6039e825ff23577a0\"class=\"block block-only-text  only-text\" >\n  \n  <div class=\"only-text__content\">\n    \n  <\/div>\n  <div class=\"row only-text__links\">\n                      <div class=\"col-md-6\">\n        <a href=\"https:\/\/mobilitas.biokom.hu\/en\/google\" target=\"_blank\" class=\"only-text__item variant\">\n          <h6 class=\"h4 h6-mobile title\">Timetable<\/h6>\n        <\/a>\n      <\/div>\n                            <div class=\"col-md-6\">\n        <a href=\"https:\/\/mobilitas.biokom.hu\/en\/home\" target=\"_blank\" class=\"only-text__item variant\">\n          <h6 class=\"h4 h6-mobile title\">Maps<\/h6>\n        <\/a>\n      <\/div>\n                            <div class=\"col-md-6\">\n        <a href=\"http:\/\/www.tukebusz.hu\/tartalmak\/Dijszabasi-tajekoztato\" target=\"_blank\" class=\"only-text__item variant\">\n          <h6 class=\"h4 h6-mobile title\">Tickets and passes<\/h6>\n        <\/a>\n      <\/div>\n            <\/div>\n<\/section>\n\n\n<section id=\"large-icon-and-text-box-block_cf02c7a36e5ff8f2cf7318f0a7001140\"class=\"block block-large-icon-and-text-box align\" >\n  \n  \n  <div class=\"post-meta post-meta__lg\">\n          \n        <span class=\"meta\" aria-label=\"Program tov\u00e1bbi kapcsolati inform\u00e1ci\u00f3k\"><em class=\"icon yco-acf-pecs-pecs_logo\"><\/em>TRAINS<\/span>\n\n      <\/div>\n<\/section>\n\n\n<section id=\"small-icon-and-text-box-block_283b417fe72976b008dd737e3573ba69\"class=\"block block-small-icon-and-text-box \" >\n  \n  <p>Domestic and international trains are operated by the Hungarian State Railways (Magyar \u00c1llamvasutak, M\u00c1V).<\/p>\n<p>Physical Front Office<\/p>\n<p>Opening Hours:<\/p>\n<p>Mon\u2013Fri: 6:40 a.m. \u2013 6:00 p.m.<\/p>\n<p>Sat, Sun, Hol: 8:10 a.m. \u2013 6:00 p.m.<\/p>\n<p>&nbsp;<\/p>\n<p>&nbsp;<\/p>\n\n  <div class=\"post-meta\">\n                                    <a href=https:\/\/www.google.com\/maps\/place\/P%C3%A9cs,+Ind%C3%B3h%C3%A1z+t%C3%A9r+1,+7623\/@46.0666545,18.2231285,17z\/data=!3m1!4b1!4m5!3m4!1s0x4742b19d3a6fad07:0x57a5697e66599815!8m2!3d46.0666508!4d18.2253172 class=\"meta\" target=&quot;_blank&quot; aria-label=\"K\u00fcls\u0151 hivatkoz\u00e1s linkje\">\n  <em class=\"icon yco-acf-pecs-pecs_logo\"><\/em>\n  7621 P\u00e9cs, Ind\u00f3h\u00e1z t\u00e9r 1.\n<\/a>\n                      <a class=\"meta\" href=\"tel:&quot;+3672510992&quot;\" aria-label=\"Telefonsz\u00e1m\">\n  <em class=\"icon yco-acf-pecs-pecs_logo\"><\/em>\n  +36 72 510 992\n<\/a>\n                      <a class=\"meta meta-email\" href=\"mailto:ugyfelszolgalat@tukebusz.hu\" aria-label=\"Email-c\u00edm\">\n  <em class=\"icon yco-acf-pecs-pecs_logo\"><\/em>\n  ugyfelszolgalat@tukebusz.hu\n<\/a>\n      <\/div>\n<\/section>\n\n\n\n<section id=\"small-icon-and-text-box-block_eae7a7ad562ab82fa92c622cb1b75613\"class=\"block block-small-icon-and-text-box \" >\n  \n  <p><strong>M\u00c1V Direct Customer Service<\/strong><\/p>\n<p>&nbsp;<\/p>\n\n  <div class=\"post-meta\">\n                      <a class=\"meta\" href=\"tel:&quot;+3613494949&quot;\" aria-label=\"Telefonsz\u00e1m\">\n  <em class=\"icon yco-acf-pecs-pecs_logo\"><\/em>\n  +36 1 3 49 49 49\n<\/a>\n                      <a class=\"meta\" href=\"tel:&quot;+3620499499&quot;\" aria-label=\"Telefonsz\u00e1m\">\n  <em class=\"icon yco-acf-pecs-pecs_logo\"><\/em>\n  +36 20 499 499\n<\/a>\n                      <a class=\"meta\" href=\"tel:&quot;+3630499499&quot;\" aria-label=\"Telefonsz\u00e1m\">\n  <em class=\"icon yco-acf-pecs-pecs_logo\"><\/em>\n  +36 30 499 499\n<\/a>\n                      <a class=\"meta\" href=\"tel:&quot;+3670499499&quot;\" aria-label=\"Telefonsz\u00e1m\">\n  <em class=\"icon yco-acf-pecs-pecs_logo\"><\/em>\n  +36 70 499 499\n<\/a>\n                                    <a href=https:\/\/www.mavcsoport.hu\/en class=\"meta\" target=&quot;_blank&quot; aria-label=\"K\u00fcls\u0151 hivatkoz\u00e1s linkje\">\n  <em class=\"icon yco-acf-pecs-pecs_logo\"><\/em>\n  mavcsoport.en\n<\/a>\n      <\/div>\n<\/section>\n\n\n\n<section id=\"small-icon-and-text-box-block_54b4e29a55310507d87d6eab3c6d5692\"class=\"block block-small-icon-and-text-box \" >\n  \n  <p><strong>Ticket booking system<\/strong><\/p>\n<p>The Elvira browser-based ticket booking system now has a mobile-friendly interface and can be used with a M\u00c1V mobile application user account.<\/p>\n<p>TIP:<\/p>\n<p>For more useful and practical information visit<\/p>\n\n  <div class=\"post-meta\">\n                                    <a href=https:\/\/elvira.mav-start.hu\/elvira.dll\/x\/index?language=2 class=\"meta\" target=&quot;_blank&quot; aria-label=\"K\u00fcls\u0151 hivatkoz\u00e1s linkje\">\n  <em class=\"icon yco-acf-pecs-pecs_logo\"><\/em>\n  Information\n<\/a>\n                                    <a href=https:\/\/jegy.mav.hu\/ class=\"meta\" target=&quot;_blank&quot; aria-label=\"K\u00fcls\u0151 hivatkoz\u00e1s linkje\">\n  <em class=\"icon yco-acf-pecs-pecs_logo\"><\/em>\n  Ticket\n<\/a>\n                      <span class=\"meta\" aria-label=\"Program tov\u00e1bbi kapcsolati inform\u00e1ci\u00f3k\"><em class=\"icon yco-acf-pecs-pecs_logo\"><\/em><\/span>\n                      <span class=\"meta\" aria-label=\"Program tov\u00e1bbi kapcsolati inform\u00e1ci\u00f3k\"><em class=\"icon yco-acf-pecs-pecs_logo\"><\/em><\/span>\n      <\/div>\n<\/section>\n\n\n\n<section id=\"only-text-block_65651cf313f797de04608533f27b4916\"class=\"block block-only-text  only-text\" >\n  \n  <div class=\"only-text__content\">\n    \n  <\/div>\n  <div class=\"row only-text__links\">\n                      <div class=\"col-md-6\">\n        <a href=\"https:\/\/www.mavcsoport.hu\/en\" target=\"_blank\" class=\"only-text__item variant\">\n          <h6 class=\"h4 h6-mobile title\">Time table<\/h6>\n        <\/a>\n      <\/div>\n                            <div class=\"col-md-6\">\n        <a href=\"http:\/\/vonatinfo.mav-start.hu\/\" target=\"_blank\" class=\"only-text__item variant\">\n          <h6 class=\"h4 h6-mobile title\">Maps<\/h6>\n        <\/a>\n      <\/div>\n            <\/div>\n<\/section>\n\n\n<section id=\"large-icon-and-text-box-block_6b976f5ebcadddbdb8d0c6d8fde85a71\"class=\"block block-large-icon-and-text-box align\" >\n  \n  \n  <div class=\"post-meta post-meta__lg\">\n          \n        <span class=\"meta\" aria-label=\"Program tov\u00e1bbi kapcsolati inform\u00e1ci\u00f3k\"><em class=\"icon yco-acf-pecs-pecs_logo\"><\/em>LONG-DISTANCE BUSES<\/span>\n\n      <\/div>\n<\/section>\n\n\n<section id=\"small-icon-and-text-box-block_b7d3a6435dec53e5ffc38bb282b8a4c9\"class=\"block block-small-icon-and-text-box \" >\n  \n  <p><strong>Vol\u00e1nbusz<\/strong><\/p>\n<p><strong>Ticket Office Opening Hours:<\/strong><\/p>\n<p>Workdays (from 1<sup>st<\/sup> to 6<sup>th<\/sup>): 6:00 a.m. \u2013 5:00 p.m.;<\/p>\n<p>Workdays (from 7<sup>th<\/sup> to 31<sup>st<\/sup>): 7:00 a.m. \u2013 4:00 p.m.;<\/p>\n<p>Weekends and Holidays: On the first weekend or holiday of the month: 6:00 a.m. \u2013 1:00 p.m.<\/p>\n<p><strong>Waiting Room Opening Hours:<\/strong><\/p>\n<p>04:00 a.m. \u2013 10:40 p.m.<\/p>\n\n  <div class=\"post-meta\">\n                                    <a href=https:\/\/www.google.com\/maps\/place\/P%C3%A9cs,+Nagy+Lajos+kir%C3%A1ly+%C3%BAtja+20,+7622\/@46.0710507,18.2293374,17z\/data=!3m1!4b1!4m5!3m4!1s0x4742b175ed6a8db5:0x9261e21ac4eae6fc!8m2!3d46.071047!4d18.2315261 class=\"meta\" target=&quot;_blank&quot; aria-label=\"K\u00fcls\u0151 hivatkoz\u00e1s linkje\">\n  <em class=\"icon yco-acf-pecs-pecs_logo\"><\/em>\n  7622 P\u00e9cs, Nagy Lajos Kir\u00e1ly \u00fatja 20.\n<\/a>\n                                    <a href=https:\/\/www.volanbusz.hu\/en class=\"meta\" target=&quot;_blank&quot; aria-label=\"K\u00fcls\u0151 hivatkoz\u00e1s linkje\">\n  <em class=\"icon yco-acf-pecs-pecs_logo\"><\/em>\n  Information\n<\/a>\n                      <span class=\"meta\" aria-label=\"Program tov\u00e1bbi kapcsolati inform\u00e1ci\u00f3k\"><em class=\"icon yco-acf-pecs-pecs_logo\"><\/em><\/span>\n      <\/div>\n<\/section>\n\n\n\n<section id=\"only-text-block_d0c1682a58e2927a6a77ac7b8bc515e3\"class=\"block block-only-text  only-text\" >\n  \n  <div class=\"only-text__content\">\n    \n  <\/div>\n  <div class=\"row only-text__links\">\n                      <div class=\"col-md-6\">\n        <a href=\"https:\/\/www.volanbusz.hu\/en\/timetable\/\" target=\"_blank\" class=\"only-text__item variant\">\n          <h6 class=\"h4 h6-mobile title\">Timetable<\/h6>\n        <\/a>\n      <\/div>\n                            <div class=\"col-md-6\">\n        <a href=\"https:\/\/webelin.volanbusz.hu\/belfold\/elovetel\/xelinmain?lang=en\" target=\"_blank\" class=\"only-text__item variant\">\n          <h6 class=\"h4 h6-mobile title\">Ticket booking<\/h6>\n        <\/a>\n      <\/div>\n                            <div class=\"col-md-6\">\n        <a href=\"https:\/\/menetrendek.hu\/mobile\/?lng=en\" target=\"_blank\" class=\"only-text__item variant\">\n          <h6 class=\"h4 h6-mobile title\">Timetable search<\/h6>\n        <\/a>\n      <\/div>\n            <\/div>\n<\/section>\n\n\n<section id=\"large-icon-and-text-box-block_8ab359b8b569c2ad5e0ae38c64bc676e\"class=\"block block-large-icon-and-text-box alignwide\" >\n  \n  \n  <div class=\"post-meta post-meta__lg\">\n          \n        <span class=\"meta\" aria-label=\"Program tov\u00e1bbi kapcsolati inform\u00e1ci\u00f3k\"><em class=\"icon yco-acf-pecs-pecs_logo\"><\/em>PUBLIC TRANSPORT<\/span>\n\n      <\/div>\n<\/section>\n\n\n<section id=\"small-icon-and-text-box-block_1be550a38efbfecf5b9572da7b2520fc\"class=\"block block-small-icon-and-text-box \" >\n  \n  <h4><b>P\u00e9csike<\/b><\/h4>\n<p>The bike rental system of the city. The shared bike system is a new form of public transport. Seven docking stations, 70 electrically assisted bicycles, 40 km running distance.<\/p>\n<p>TIP: The first 30 minutes are free.<\/p>\n<p>You can rent a bike with a pass or a mobile ticket bought through a text message.<\/p>\n\n  <div class=\"post-meta\">\n                                    <a href=https:\/\/pecsike.hu\/ class=\"meta\" target=&quot;_blank&quot; aria-label=\"K\u00fcls\u0151 hivatkoz\u00e1s linkje\">\n  <em class=\"icon yco-acf-pecs-pecs_logo\"><\/em>\n  pecsike.hu\n<\/a>\n      <\/div>\n<\/section>\n\n\n\n<section id=\"small-icon-and-text-box-block_ac7a137d02b5959fc1fd515e3283415b\"class=\"block block-small-icon-and-text-box \" >\n  \n  <h4><b>Blinkee<\/b><\/h4>\n<p>Electric public scooter. The scooters can be used for transportation within the city boundaries of P\u00e9cs, and they can be parked anywhere in the indicated zones in the city.<\/p>\n\n  <div class=\"post-meta\">\n                                    <a href=https:\/\/www.eon.hu\/hu\/lakossagi\/termekek\/e-mobilitas\/blinkeecity\/pecs.html class=\"meta\" target=&quot;_blank&quot; aria-label=\"K\u00fcls\u0151 hivatkoz\u00e1s linkje\">\n  <em class=\"icon yco-acf-pecs-pecs_logo\"><\/em>\n  eon.hu\n<\/a>\n      <\/div>\n<\/section>\n\n\n\n\n<p><\/p>\n","protected":false},"excerpt":{"rendered":"","protected":false},"author":46,"featured_media":4507,"comment_status":"closed","ping_status":"closed","sticky":false,"template":"","format":"standard","meta":{"_acf_changed":false,"footnotes":""},"categories":[1543,1562,1560],"tags":[],"usertype":[46],"class_list":["post-26807","post","type-post","status-publish","format-standard","has-post-thumbnail","hentry","category-plan-it","category-transport","category-useful-information","usertype-tourist","post-variant","post-variant--terracotta"],"acf":[],"publishpress_future_action":{"enabled":false,"date":"2026-05-03 12:33:14","action":"change-status","newStatus":"draft","terms":[],"taxonomy":"category","extraData":[]},"publishpress_future_workflow_manual_trigger":{"enabledWorkflows":[]},"_links":{"self":[{"href":"https:\/\/pecs.hu\/en\/wp-json\/wp\/v2\/posts\/26807","targetHints":{"allow":["GET"]}}],"collection":[{"href":"https:\/\/pecs.hu\/en\/wp-json\/wp\/v2\/posts"}],"about":[{"href":"https:\/\/pecs.hu\/en\/wp-json\/wp\/v2\/types\/post"}],"author":[{"embeddable":true,"href":"https:\/\/pecs.hu\/en\/wp-json\/wp\/v2\/users\/46"}],"replies":[{"embeddable":true,"href":"https:\/\/pecs.hu\/en\/wp-json\/wp\/v2\/comments?post=26807"}],"version-history":[{"count":2,"href":"https:\/\/pecs.hu\/en\/wp-json\/wp\/v2\/posts\/26807\/revisions"}],"predecessor-version":[{"id":32888,"href":"https:\/\/pecs.hu\/en\/wp-json\/wp\/v2\/posts\/26807\/revisions\/32888"}],"wp:featuredmedia":[{"embeddable":true,"href":"https:\/\/pecs.hu\/en\/wp-json\/wp\/v2\/media\/4507"}],"wp:attachment":[{"href":"https:\/\/pecs.hu\/en\/wp-json\/wp\/v2\/media?parent=26807"}],"wp:term":[{"taxonomy":"category","embeddable":true,"href":"https:\/\/pecs.hu\/en\/wp-json\/wp\/v2\/categories?post=26807"},{"taxonomy":"post_tag","embeddable":true,"href":"https:\/\/pecs.hu\/en\/wp-json\/wp\/v2\/tags?post=26807"},{"taxonomy":"usertype","embeddable":true,"href":"https:\/\/pecs.hu\/en\/wp-json\/wp\/v2\/usertype?post=26807"}],"curies":[{"name":"wp","href":"https:\/\/api.w.org\/{rel}","templated":true}]}}